{"id":16819,"date":"2026-04-10T15:23:53","date_gmt":"2026-04-10T13:23:53","guid":{"rendered":"https:\/\/ardennerallyfestival.be\/lardenne-rally-festival-en-mode-vip-cest-le-samedi\/"},"modified":"2026-04-15T16:32:25","modified_gmt":"2026-04-15T14:32:25","slug":"lardenne-rally-festival-en-mode-vip-cest-le-samedi","status":"publish","type":"post","link":"https:\/\/ardennerallyfestival.be\/de\/lardenne-rally-festival-en-mode-vip-cest-le-samedi\/","title":{"rendered":"Das\u00a0Ardenne Rally Festival\u00a0im VIP-Modus \u2013 das ist der Samstag!"},"content":{"rendered":"\n<p>Mit einem neuen Dreh- und Angelpunkt in&nbsp;Alle-sur-Semois&nbsp;und einer nun doppelt so spannenden Veranstaltung dank der Einf\u00fchrung eines in\u00e9diten Laufs der&nbsp;Belgian Rally Championship Division 2&nbsp;zus\u00e4tzlich zur traditionellen Demonstration, die den Legenden der Disziplin vorbehalten ist, hat die Ausgabe 2026 des Ardenne Rally Festival keine Chance, unbemerkt zu bleiben. Der Samstag, 30. Mai, verspricht daher ein intensiver Tag zu werden, und&nbsp;DG Sport&nbsp;hat beschlossen, das Ganze mit einem VIP-Angebot abzurunden, das perfekt zur Region der Semois passt.<\/p>\n\n\n\n<p>In enger Zusammenarbeit mit der Brasserie de Rochehaut wurde ein exklusives Programm auf die Beine gestellt. Nach einem Empfang in Form eines reichhaltigen Fr\u00fchst\u00fccks haben die Teilnehmer dieses All-in-Angebots die M\u00f6glichkeit, mit einem Shuttle zu den Wertungspr\u00fcfungen oder Demonstrationsetappen zu gelangen\u2026 wo eine Verkostung der verschiedenen Getr\u00e4nke der Brasserie de Rochehaut vorgesehen ist!<\/p>\n\n\n\n<p>Zur Mittagszeit erwartet die VIP-G\u00e4ste des Ardenne Rally Festival in&nbsp;Alle-sur-Semois&nbsp;ein Spanferkel am Spie\u00df. Und nach einer weiteren Portion Action auf der Strecke endet dieser wirklich au\u00dfergew\u00f6hnliche Tag mit einem BBQ, das seinem Namen alle Ehre macht \u2013 in der warmen Atmosph\u00e4re des Semois-Tals.<\/p>\n\n\n\n<p>DG Sport&nbsp;hat einmal mehr keine M\u00fchen gescheut, und das VIP-Angebot st\u00f6\u00dft bereits auf gro\u00dfes Interesse bei den Fans! Nat\u00fcrlich sind noch Pl\u00e4tze verf\u00fcgbar, und wie man so sch\u00f6n sagt: Je mehr, desto besser\u2026<\/p>\n\n\n\n<p>F\u00fcr alle Informationen zum VIP-Angebot des Ardenne Rally Festival 2026 gen\u00fcgt es, eine E-Mail an folgende Adresse zu senden:&nbsp;ilias@dgsport.eu.<\/p>\n\n\n\n<p>Wir freuen uns darauf, Sie in&nbsp;Alle-sur-Semois&nbsp;begr\u00fc\u00dfen zu d\u00fcrfen!<\/p>\n\n\n\n<p><\/p>\n","protected":false},"excerpt":{"rendered":"<p>Mit einem neuen Dreh- und Angelpunkt in&nbsp;Alle-sur-Semois&nbsp;und einer nun doppelt so spannenden Veranstaltung dank der Einf\u00fchrung eines in\u00e9diten Laufs der&nbsp;Belgian [&hellip;]<\/p>\n","protected":false},"author":2,"featured_media":16815,"comment_status":"closed","ping_status":"closed","sticky":false,"template":"","format":"standard","meta":{"_acf_changed":false,"footnotes":""},"categories":[94],"tags":[],"class_list":["post-16819","post","type-post","status-publish","format-standard","has-post-thumbnail","hentry","category-ardenne-rally-festival-2026"],"acf":{"vhrs":false,"show_group":false},"yoast_head":"<!-- This site is optimized with the Yoast SEO plugin v27.5 - https:\/\/yoast.com\/product\/yoast-seo-wordpress\/ -->\n<title>Das\u00a0Ardenne Rally Festival\u00a0im VIP-Modus \u2013 das ist der Samstag! - Ardenne Rally Festival<\/title>\n<meta name=\"robots\" content=\"index, follow, max-snippet:-1, max-image-preview:large, max-video-preview:-1\" \/>\n<link rel=\"canonical\" href=\"https:\/\/ardennerallyfestival.be\/de\/lardenne-rally-festival-en-mode-vip-cest-le-samedi\/\" \/>\n<meta property=\"og:locale\" content=\"de_DE\" \/>\n<meta property=\"og:type\" content=\"article\" \/>\n<meta property=\"og:title\" content=\"Das\u00a0Ardenne Rally Festival\u00a0im VIP-Modus \u2013 das ist der Samstag! - Ardenne Rally Festival\" \/>\n<meta property=\"og:description\" content=\"Mit einem neuen Dreh- und Angelpunkt in&nbsp;Alle-sur-Semois&nbsp;und einer nun doppelt so spannenden Veranstaltung dank der Einf\u00fchrung eines in\u00e9diten Laufs der&nbsp;Belgian [&hellip;]\" \/>\n<meta property=\"og:url\" content=\"https:\/\/ardennerallyfestival.be\/de\/lardenne-rally-festival-en-mode-vip-cest-le-samedi\/\" \/>\n<meta property=\"og:site_name\" content=\"Ardenne Rally Festival\" \/>\n<meta property=\"article:published_time\" content=\"2026-04-10T13:23:53+00:00\" \/>\n<meta property=\"article:modified_time\" content=\"2026-04-15T14:32:25+00:00\" \/>\n<meta property=\"og:image\" content=\"https:\/\/ardennerallyfestival.be\/wp-content\/uploads\/sites\/22\/KLL-SR25-light-227.jpg\" \/>\n\t<meta property=\"og:image:width\" content=\"1872\" \/>\n\t<meta property=\"og:image:height\" content=\"1248\" \/>\n\t<meta property=\"og:image:type\" content=\"image\/jpeg\" \/>\n<meta name=\"author\" content=\"client\" \/>\n<meta name=\"twitter:card\" content=\"summary_large_image\" \/>\n<meta name=\"twitter:label1\" content=\"Verfasst von\" \/>\n\t<meta name=\"twitter:data1\" content=\"client\" \/>\n\t<meta name=\"twitter:label2\" content=\"Gesch\u00e4tzte Lesezeit\" \/>\n\t<meta name=\"twitter:data2\" content=\"2\u00a0Minuten\" \/>\n<script type=\"application\/ld+json\" class=\"yoast-schema-graph\">{\"@context\":\"https:\\\/\\\/schema.org\",\"@graph\":[{\"@type\":\"Article\",\"@id\":\"https:\\\/\\\/ardennerallyfestival.be\\\/de\\\/lardenne-rally-festival-en-mode-vip-cest-le-samedi\\\/#article\",\"isPartOf\":{\"@id\":\"https:\\\/\\\/ardennerallyfestival.be\\\/de\\\/lardenne-rally-festival-en-mode-vip-cest-le-samedi\\\/\"},\"author\":{\"name\":\"client\",\"@id\":\"https:\\\/\\\/ardennerallyfestival.be\\\/#\\\/schema\\\/person\\\/f869f197289e6a86361c833c1d0d95b5\"},\"headline\":\"Das\u00a0Ardenne Rally Festival\u00a0im VIP-Modus \u2013 das ist der Samstag!\",\"datePublished\":\"2026-04-10T13:23:53+00:00\",\"dateModified\":\"2026-04-15T14:32:25+00:00\",\"mainEntityOfPage\":{\"@id\":\"https:\\\/\\\/ardennerallyfestival.be\\\/de\\\/lardenne-rally-festival-en-mode-vip-cest-le-samedi\\\/\"},\"wordCount\":284,\"image\":{\"@id\":\"https:\\\/\\\/ardennerallyfestival.be\\\/de\\\/lardenne-rally-festival-en-mode-vip-cest-le-samedi\\\/#primaryimage\"},\"thumbnailUrl\":\"https:\\\/\\\/ardennerallyfestival.be\\\/wp-content\\\/uploads\\\/sites\\\/22\\\/KLL-SR25-light-227.jpg\",\"articleSection\":[\"Ardenne Rally Festival 2026\"],\"inLanguage\":\"de\"},{\"@type\":\"WebPage\",\"@id\":\"https:\\\/\\\/ardennerallyfestival.be\\\/de\\\/lardenne-rally-festival-en-mode-vip-cest-le-samedi\\\/\",\"url\":\"https:\\\/\\\/ardennerallyfestival.be\\\/de\\\/lardenne-rally-festival-en-mode-vip-cest-le-samedi\\\/\",\"name\":\"Das\u00a0Ardenne Rally Festival\u00a0im VIP-Modus \u2013 das ist der Samstag! - Ardenne Rally Festival\",\"isPartOf\":{\"@id\":\"https:\\\/\\\/ardennerallyfestival.be\\\/#website\"},\"primaryImageOfPage\":{\"@id\":\"https:\\\/\\\/ardennerallyfestival.be\\\/de\\\/lardenne-rally-festival-en-mode-vip-cest-le-samedi\\\/#primaryimage\"},\"image\":{\"@id\":\"https:\\\/\\\/ardennerallyfestival.be\\\/de\\\/lardenne-rally-festival-en-mode-vip-cest-le-samedi\\\/#primaryimage\"},\"thumbnailUrl\":\"https:\\\/\\\/ardennerallyfestival.be\\\/wp-content\\\/uploads\\\/sites\\\/22\\\/KLL-SR25-light-227.jpg\",\"datePublished\":\"2026-04-10T13:23:53+00:00\",\"dateModified\":\"2026-04-15T14:32:25+00:00\",\"author\":{\"@id\":\"https:\\\/\\\/ardennerallyfestival.be\\\/#\\\/schema\\\/person\\\/f869f197289e6a86361c833c1d0d95b5\"},\"breadcrumb\":{\"@id\":\"https:\\\/\\\/ardennerallyfestival.be\\\/de\\\/lardenne-rally-festival-en-mode-vip-cest-le-samedi\\\/#breadcrumb\"},\"inLanguage\":\"de\",\"potentialAction\":[{\"@type\":\"ReadAction\",\"target\":[\"https:\\\/\\\/ardennerallyfestival.be\\\/de\\\/lardenne-rally-festival-en-mode-vip-cest-le-samedi\\\/\"]}]},{\"@type\":\"ImageObject\",\"inLanguage\":\"de\",\"@id\":\"https:\\\/\\\/ardennerallyfestival.be\\\/de\\\/lardenne-rally-festival-en-mode-vip-cest-le-samedi\\\/#primaryimage\",\"url\":\"https:\\\/\\\/ardennerallyfestival.be\\\/wp-content\\\/uploads\\\/sites\\\/22\\\/KLL-SR25-light-227.jpg\",\"contentUrl\":\"https:\\\/\\\/ardennerallyfestival.be\\\/wp-content\\\/uploads\\\/sites\\\/22\\\/KLL-SR25-light-227.jpg\",\"width\":1872,\"height\":1248},{\"@type\":\"BreadcrumbList\",\"@id\":\"https:\\\/\\\/ardennerallyfestival.be\\\/de\\\/lardenne-rally-festival-en-mode-vip-cest-le-samedi\\\/#breadcrumb\",\"itemListElement\":[{\"@type\":\"ListItem\",\"position\":1,\"name\":\"Accueil\",\"item\":\"https:\\\/\\\/ardennerallyfestival.be\\\/de\\\/\"},{\"@type\":\"ListItem\",\"position\":2,\"name\":\"Das\u00a0Ardenne Rally Festival\u00a0im VIP-Modus \u2013 das ist der Samstag!\"}]},{\"@type\":\"WebSite\",\"@id\":\"https:\\\/\\\/ardennerallyfestival.be\\\/#website\",\"url\":\"https:\\\/\\\/ardennerallyfestival.be\\\/\",\"name\":\"Ardenne Rally Festival\",\"description\":\"\",\"potentialAction\":[{\"@type\":\"SearchAction\",\"target\":{\"@type\":\"EntryPoint\",\"urlTemplate\":\"https:\\\/\\\/ardennerallyfestival.be\\\/?s={search_term_string}\"},\"query-input\":{\"@type\":\"PropertyValueSpecification\",\"valueRequired\":true,\"valueName\":\"search_term_string\"}}],\"inLanguage\":\"de\"},{\"@type\":\"Person\",\"@id\":\"https:\\\/\\\/ardennerallyfestival.be\\\/#\\\/schema\\\/person\\\/f869f197289e6a86361c833c1d0d95b5\",\"name\":\"client\",\"image\":{\"@type\":\"ImageObject\",\"inLanguage\":\"de\",\"@id\":\"https:\\\/\\\/secure.gravatar.com\\\/avatar\\\/d0de661745071daff296a69510a88dd6ff40167a4a7f4158f09a3680fab567f6?s=96&d=mm&r=g\",\"url\":\"https:\\\/\\\/secure.gravatar.com\\\/avatar\\\/d0de661745071daff296a69510a88dd6ff40167a4a7f4158f09a3680fab567f6?s=96&d=mm&r=g\",\"contentUrl\":\"https:\\\/\\\/secure.gravatar.com\\\/avatar\\\/d0de661745071daff296a69510a88dd6ff40167a4a7f4158f09a3680fab567f6?s=96&d=mm&r=g\",\"caption\":\"client\"}}]}<\/script>\n<!-- \/ Yoast SEO plugin. -->","yoast_head_json":{"title":"Das\u00a0Ardenne Rally Festival\u00a0im VIP-Modus \u2013 das ist der Samstag! - Ardenne Rally Festival","robots":{"index":"index","follow":"follow","max-snippet":"max-snippet:-1","max-image-preview":"max-image-preview:large","max-video-preview":"max-video-preview:-1"},"canonical":"https:\/\/ardennerallyfestival.be\/de\/lardenne-rally-festival-en-mode-vip-cest-le-samedi\/","og_locale":"de_DE","og_type":"article","og_title":"Das\u00a0Ardenne Rally Festival\u00a0im VIP-Modus \u2013 das ist der Samstag! - Ardenne Rally Festival","og_description":"Mit einem neuen Dreh- und Angelpunkt in&nbsp;Alle-sur-Semois&nbsp;und einer nun doppelt so spannenden Veranstaltung dank der Einf\u00fchrung eines in\u00e9diten Laufs der&nbsp;Belgian [&hellip;]","og_url":"https:\/\/ardennerallyfestival.be\/de\/lardenne-rally-festival-en-mode-vip-cest-le-samedi\/","og_site_name":"Ardenne Rally Festival","article_published_time":"2026-04-10T13:23:53+00:00","article_modified_time":"2026-04-15T14:32:25+00:00","og_image":[{"width":1872,"height":1248,"url":"https:\/\/ardennerallyfestival.be\/wp-content\/uploads\/sites\/22\/KLL-SR25-light-227.jpg","type":"image\/jpeg"}],"author":"client","twitter_card":"summary_large_image","twitter_misc":{"Verfasst von":"client","Gesch\u00e4tzte Lesezeit":"2\u00a0Minuten"},"schema":{"@context":"https:\/\/schema.org","@graph":[{"@type":"Article","@id":"https:\/\/ardennerallyfestival.be\/de\/lardenne-rally-festival-en-mode-vip-cest-le-samedi\/#article","isPartOf":{"@id":"https:\/\/ardennerallyfestival.be\/de\/lardenne-rally-festival-en-mode-vip-cest-le-samedi\/"},"author":{"name":"client","@id":"https:\/\/ardennerallyfestival.be\/#\/schema\/person\/f869f197289e6a86361c833c1d0d95b5"},"headline":"Das\u00a0Ardenne Rally Festival\u00a0im VIP-Modus \u2013 das ist der Samstag!","datePublished":"2026-04-10T13:23:53+00:00","dateModified":"2026-04-15T14:32:25+00:00","mainEntityOfPage":{"@id":"https:\/\/ardennerallyfestival.be\/de\/lardenne-rally-festival-en-mode-vip-cest-le-samedi\/"},"wordCount":284,"image":{"@id":"https:\/\/ardennerallyfestival.be\/de\/lardenne-rally-festival-en-mode-vip-cest-le-samedi\/#primaryimage"},"thumbnailUrl":"https:\/\/ardennerallyfestival.be\/wp-content\/uploads\/sites\/22\/KLL-SR25-light-227.jpg","articleSection":["Ardenne Rally Festival 2026"],"inLanguage":"de"},{"@type":"WebPage","@id":"https:\/\/ardennerallyfestival.be\/de\/lardenne-rally-festival-en-mode-vip-cest-le-samedi\/","url":"https:\/\/ardennerallyfestival.be\/de\/lardenne-rally-festival-en-mode-vip-cest-le-samedi\/","name":"Das\u00a0Ardenne Rally Festival\u00a0im VIP-Modus \u2013 das ist der Samstag! - Ardenne Rally Festival","isPartOf":{"@id":"https:\/\/ardennerallyfestival.be\/#website"},"primaryImageOfPage":{"@id":"https:\/\/ardennerallyfestival.be\/de\/lardenne-rally-festival-en-mode-vip-cest-le-samedi\/#primaryimage"},"image":{"@id":"https:\/\/ardennerallyfestival.be\/de\/lardenne-rally-festival-en-mode-vip-cest-le-samedi\/#primaryimage"},"thumbnailUrl":"https:\/\/ardennerallyfestival.be\/wp-content\/uploads\/sites\/22\/KLL-SR25-light-227.jpg","datePublished":"2026-04-10T13:23:53+00:00","dateModified":"2026-04-15T14:32:25+00:00","author":{"@id":"https:\/\/ardennerallyfestival.be\/#\/schema\/person\/f869f197289e6a86361c833c1d0d95b5"},"breadcrumb":{"@id":"https:\/\/ardennerallyfestival.be\/de\/lardenne-rally-festival-en-mode-vip-cest-le-samedi\/#breadcrumb"},"inLanguage":"de","potentialAction":[{"@type":"ReadAction","target":["https:\/\/ardennerallyfestival.be\/de\/lardenne-rally-festival-en-mode-vip-cest-le-samedi\/"]}]},{"@type":"ImageObject","inLanguage":"de","@id":"https:\/\/ardennerallyfestival.be\/de\/lardenne-rally-festival-en-mode-vip-cest-le-samedi\/#primaryimage","url":"https:\/\/ardennerallyfestival.be\/wp-content\/uploads\/sites\/22\/KLL-SR25-light-227.jpg","contentUrl":"https:\/\/ardennerallyfestival.be\/wp-content\/uploads\/sites\/22\/KLL-SR25-light-227.jpg","width":1872,"height":1248},{"@type":"BreadcrumbList","@id":"https:\/\/ardennerallyfestival.be\/de\/lardenne-rally-festival-en-mode-vip-cest-le-samedi\/#breadcrumb","itemListElement":[{"@type":"ListItem","position":1,"name":"Accueil","item":"https:\/\/ardennerallyfestival.be\/de\/"},{"@type":"ListItem","position":2,"name":"Das\u00a0Ardenne Rally Festival\u00a0im VIP-Modus \u2013 das ist der Samstag!"}]},{"@type":"WebSite","@id":"https:\/\/ardennerallyfestival.be\/#website","url":"https:\/\/ardennerallyfestival.be\/","name":"Ardenne Rally Festival","description":"","potentialAction":[{"@type":"SearchAction","target":{"@type":"EntryPoint","urlTemplate":"https:\/\/ardennerallyfestival.be\/?s={search_term_string}"},"query-input":{"@type":"PropertyValueSpecification","valueRequired":true,"valueName":"search_term_string"}}],"inLanguage":"de"},{"@type":"Person","@id":"https:\/\/ardennerallyfestival.be\/#\/schema\/person\/f869f197289e6a86361c833c1d0d95b5","name":"client","image":{"@type":"ImageObject","inLanguage":"de","@id":"https:\/\/secure.gravatar.com\/avatar\/d0de661745071daff296a69510a88dd6ff40167a4a7f4158f09a3680fab567f6?s=96&d=mm&r=g","url":"https:\/\/secure.gravatar.com\/avatar\/d0de661745071daff296a69510a88dd6ff40167a4a7f4158f09a3680fab567f6?s=96&d=mm&r=g","contentUrl":"https:\/\/secure.gravatar.com\/avatar\/d0de661745071daff296a69510a88dd6ff40167a4a7f4158f09a3680fab567f6?s=96&d=mm&r=g","caption":"client"}}]}},"_links":{"self":[{"href":"https:\/\/ardennerallyfestival.be\/de\/wp-json\/wp\/v2\/posts\/16819","targetHints":{"allow":["GET"]}}],"collection":[{"href":"https:\/\/ardennerallyfestival.be\/de\/wp-json\/wp\/v2\/posts"}],"about":[{"href":"https:\/\/ardennerallyfestival.be\/de\/wp-json\/wp\/v2\/types\/post"}],"author":[{"embeddable":true,"href":"https:\/\/ardennerallyfestival.be\/de\/wp-json\/wp\/v2\/users\/2"}],"replies":[{"embeddable":true,"href":"https:\/\/ardennerallyfestival.be\/de\/wp-json\/wp\/v2\/comments?post=16819"}],"version-history":[{"count":0,"href":"https:\/\/ardennerallyfestival.be\/de\/wp-json\/wp\/v2\/posts\/16819\/revisions"}],"wp:featuredmedia":[{"embeddable":true,"href":"https:\/\/ardennerallyfestival.be\/de\/wp-json\/wp\/v2\/media\/16815"}],"wp:attachment":[{"href":"https:\/\/ardennerallyfestival.be\/de\/wp-json\/wp\/v2\/media?parent=16819"}],"wp:term":[{"taxonomy":"category","embeddable":true,"href":"https:\/\/ardennerallyfestival.be\/de\/wp-json\/wp\/v2\/categories?post=16819"},{"taxonomy":"post_tag","embeddable":true,"href":"https:\/\/ardennerallyfestival.be\/de\/wp-json\/wp\/v2\/tags?post=16819"}],"curies":[{"name":"wp","href":"https:\/\/api.w.org\/{rel}","templated":true}]}}