{"id":16559,"date":"2025-12-04T11:08:11","date_gmt":"2025-12-04T10:08:11","guid":{"rendered":"https:\/\/ardennerallyfestival.be\/lardenne-rally-festival-2026-ce-sera-les-29-et-30-mai\/"},"modified":"2025-12-04T11:19:32","modified_gmt":"2025-12-04T10:19:32","slug":"lardenne-rally-festival-2026-ce-sera-les-29-et-30-mai","status":"publish","type":"post","link":"https:\/\/ardennerallyfestival.be\/de\/lardenne-rally-festival-2026-ce-sera-les-29-et-30-mai\/","title":{"rendered":"Ardennen Rallye Festival 2026 \u2013 am 29. und 30. Mai!"},"content":{"rendered":"\n<p>Gute Gewohnheiten sollte man beibehalten! Nach dem erfolgreichen Start des&nbsp;<strong>Ardennen Rallye Festival<\/strong>&nbsp;im Jahr 2024 l\u00e4dt&nbsp;<strong>DG Sport<\/strong>&nbsp;auch 2026 wieder alle Rallye- und Motorsportfans in die Region rund um&nbsp;<strong>Vresse-sur-Semois<\/strong>&nbsp;ein \u2013 ins Herz einer Landschaft, die wie geschaffen ist f\u00fcr die Kunst des Fahrens. Und f\u00fcr jene besonderen Momente, in denen man gemeinsam Erinnerungen an legend\u00e4re Autos und gro\u00dfe Zeiten aufleben l\u00e4sst\u2026<\/p>\n\n\n\n<p>Am&nbsp;<strong>Donnerstag, 29., und Freitag, 30. Mai 2026<\/strong>&nbsp;\u00f6ffnet DG Sport zum dritten Mal das gro\u00dfe Buch der Rallyegeschichte. Zwei Tage lang werden die ber\u00fchmtesten Marken und Modelle erneut auf den Demo-Strecken unterwegs sein, die sich malerisch durch die Region schl\u00e4ngeln. Von den Klassikern der 60er-Jahre \u00fcber die spektakul\u00e4ren&nbsp;<strong>Gruppe 4<\/strong>, die legend\u00e4ren&nbsp;<strong>Gruppe B<\/strong>&nbsp;und die kraftvollen&nbsp;<strong>Gruppe A<\/strong>, bis hin zu den&nbsp;<strong>World Rally Cars<\/strong>&nbsp;der ersten Generation \u2013 ganze&nbsp;<strong>sieben Jahrzehnte Rallye-Faszination<\/strong>&nbsp;werden wieder lebendig. Das Podium befindet sich wie gewohnt im&nbsp;<strong>Espace Cognaut<\/strong>, im Herzen von Vresse-sur-Semois.<\/p>\n\n\n\n<p>Ohne Wettbewerbsdruck steht beim&nbsp;<strong>Ardennen Rallye Festival<\/strong>&nbsp;die entspannte Atmosph\u00e4re im Mittelpunkt. Hier k\u00f6nnen Rallye-Enthusiasten in aller Ruhe mit Fahrern, Beifahrern, Fahrzeugbesitzern und Teamchefs ins Gespr\u00e4ch kommen \u2013 umgeben von einer herrlich idyllischen Landschaft. Und wenn die Sonne, wie so oft, mit&nbsp;<strong>DG Sport<\/strong>&nbsp;um die Wette strahlt, darf man sich auf ein unvergessliches Erlebnis freuen\u2026<\/p>\n\n\n\n<p><strong>Jetzt hei\u00dft es: Termin vormerken!&nbsp;<\/strong>Tragen Sie sich die&nbsp;<strong>29. und 30. Mai 2026<\/strong>&nbsp;unbedingt in Ihren Kalender ein und planen Sie ein paar genussvolle Tage \u2013 oder Abende \u2013 ganz in der N\u00e4he der franz\u00f6sischen Grenze.<\/p>\n\n\n\n<p>Weitere Informationen zum Teilnehmerfeld des Jahrgangs&nbsp;<strong>2026<\/strong>&nbsp;folgen in K\u00fcrze.<\/p>\n\n\n\n<p><strong>Stay tuned!<\/strong><\/p>\n\n\n\n<p><\/p>\n","protected":false},"excerpt":{"rendered":"<p>Gute Gewohnheiten sollte man beibehalten! Nach dem erfolgreichen Start des&nbsp;Ardennen Rallye Festival&nbsp;im Jahr 2024 l\u00e4dt&nbsp;DG Sport&nbsp;auch 2026 wieder alle Rallye- [&hellip;]<\/p>\n","protected":false},"author":2,"featured_media":16336,"comment_status":"closed","ping_status":"open","sticky":false,"template":"","format":"standard","meta":{"_acf_changed":false,"footnotes":""},"categories":[85,68],"tags":[],"class_list":["post-16559","post","type-post","status-publish","format-standard","has-post-thumbnail","hentry","category-ardenne-rally-festival-2025-de","category-unkategorisiert"],"acf":{"vhrs":false,"show_group":false},"yoast_head":"<!-- This site is optimized with the Yoast SEO plugin v27.5 - https:\/\/yoast.com\/product\/yoast-seo-wordpress\/ -->\n<title>Ardennen Rallye Festival 2026 \u2013 am 29. und 30. Mai! - Ardenne Rally Festival<\/title>\n<meta name=\"robots\" content=\"index, follow, max-snippet:-1, max-image-preview:large, max-video-preview:-1\" \/>\n<link rel=\"canonical\" href=\"https:\/\/ardennerallyfestival.be\/de\/lardenne-rally-festival-2026-ce-sera-les-29-et-30-mai\/\" \/>\n<meta property=\"og:locale\" content=\"de_DE\" \/>\n<meta property=\"og:type\" content=\"article\" \/>\n<meta property=\"og:title\" content=\"Ardennen Rallye Festival 2026 \u2013 am 29. und 30. Mai! - Ardenne Rally Festival\" \/>\n<meta property=\"og:description\" content=\"Gute Gewohnheiten sollte man beibehalten! Nach dem erfolgreichen Start des&nbsp;Ardennen Rallye Festival&nbsp;im Jahr 2024 l\u00e4dt&nbsp;DG Sport&nbsp;auch 2026 wieder alle Rallye- [&hellip;]\" \/>\n<meta property=\"og:url\" content=\"https:\/\/ardennerallyfestival.be\/de\/lardenne-rally-festival-2026-ce-sera-les-29-et-30-mai\/\" \/>\n<meta property=\"og:site_name\" content=\"Ardenne Rally Festival\" \/>\n<meta property=\"article:published_time\" content=\"2025-12-04T10:08:11+00:00\" \/>\n<meta property=\"article:modified_time\" content=\"2025-12-04T10:19:32+00:00\" \/>\n<meta property=\"og:image\" content=\"https:\/\/ardennerallyfestival.be\/wp-content\/uploads\/sites\/22\/20250502_RallyFestival_Saturday_LowDef_Logo_003-scaled-e1764843366356.jpg\" \/>\n\t<meta property=\"og:image:width\" content=\"2560\" \/>\n\t<meta property=\"og:image:height\" content=\"1706\" \/>\n\t<meta property=\"og:image:type\" content=\"image\/jpeg\" \/>\n<meta name=\"author\" content=\"client\" \/>\n<meta name=\"twitter:card\" content=\"summary_large_image\" \/>\n<meta name=\"twitter:label1\" content=\"Verfasst von\" \/>\n\t<meta name=\"twitter:data1\" content=\"client\" \/>\n\t<meta name=\"twitter:label2\" content=\"Gesch\u00e4tzte Lesezeit\" \/>\n\t<meta name=\"twitter:data2\" content=\"2\u00a0Minuten\" \/>\n<script type=\"application\/ld+json\" class=\"yoast-schema-graph\">{\"@context\":\"https:\\\/\\\/schema.org\",\"@graph\":[{\"@type\":\"Article\",\"@id\":\"https:\\\/\\\/ardennerallyfestival.be\\\/de\\\/lardenne-rally-festival-2026-ce-sera-les-29-et-30-mai\\\/#article\",\"isPartOf\":{\"@id\":\"https:\\\/\\\/ardennerallyfestival.be\\\/de\\\/lardenne-rally-festival-2026-ce-sera-les-29-et-30-mai\\\/\"},\"author\":{\"name\":\"client\",\"@id\":\"https:\\\/\\\/ardennerallyfestival.be\\\/#\\\/schema\\\/person\\\/f869f197289e6a86361c833c1d0d95b5\"},\"headline\":\"Ardennen Rallye Festival 2026 \u2013 am 29. und 30. Mai!\",\"datePublished\":\"2025-12-04T10:08:11+00:00\",\"dateModified\":\"2025-12-04T10:19:32+00:00\",\"mainEntityOfPage\":{\"@id\":\"https:\\\/\\\/ardennerallyfestival.be\\\/de\\\/lardenne-rally-festival-2026-ce-sera-les-29-et-30-mai\\\/\"},\"wordCount\":296,\"image\":{\"@id\":\"https:\\\/\\\/ardennerallyfestival.be\\\/de\\\/lardenne-rally-festival-2026-ce-sera-les-29-et-30-mai\\\/#primaryimage\"},\"thumbnailUrl\":\"https:\\\/\\\/ardennerallyfestival.be\\\/wp-content\\\/uploads\\\/sites\\\/22\\\/20250502_RallyFestival_Saturday_LowDef_Logo_003-scaled-e1764843366356.jpg\",\"articleSection\":[\"Ardenne Rally Festival 2025\",\"Unkategorisiert\"],\"inLanguage\":\"de\"},{\"@type\":\"WebPage\",\"@id\":\"https:\\\/\\\/ardennerallyfestival.be\\\/de\\\/lardenne-rally-festival-2026-ce-sera-les-29-et-30-mai\\\/\",\"url\":\"https:\\\/\\\/ardennerallyfestival.be\\\/de\\\/lardenne-rally-festival-2026-ce-sera-les-29-et-30-mai\\\/\",\"name\":\"Ardennen Rallye Festival 2026 \u2013 am 29. und 30. Mai! - Ardenne Rally Festival\",\"isPartOf\":{\"@id\":\"https:\\\/\\\/ardennerallyfestival.be\\\/#website\"},\"primaryImageOfPage\":{\"@id\":\"https:\\\/\\\/ardennerallyfestival.be\\\/de\\\/lardenne-rally-festival-2026-ce-sera-les-29-et-30-mai\\\/#primaryimage\"},\"image\":{\"@id\":\"https:\\\/\\\/ardennerallyfestival.be\\\/de\\\/lardenne-rally-festival-2026-ce-sera-les-29-et-30-mai\\\/#primaryimage\"},\"thumbnailUrl\":\"https:\\\/\\\/ardennerallyfestival.be\\\/wp-content\\\/uploads\\\/sites\\\/22\\\/20250502_RallyFestival_Saturday_LowDef_Logo_003-scaled-e1764843366356.jpg\",\"datePublished\":\"2025-12-04T10:08:11+00:00\",\"dateModified\":\"2025-12-04T10:19:32+00:00\",\"author\":{\"@id\":\"https:\\\/\\\/ardennerallyfestival.be\\\/#\\\/schema\\\/person\\\/f869f197289e6a86361c833c1d0d95b5\"},\"breadcrumb\":{\"@id\":\"https:\\\/\\\/ardennerallyfestival.be\\\/de\\\/lardenne-rally-festival-2026-ce-sera-les-29-et-30-mai\\\/#breadcrumb\"},\"inLanguage\":\"de\",\"potentialAction\":[{\"@type\":\"ReadAction\",\"target\":[\"https:\\\/\\\/ardennerallyfestival.be\\\/de\\\/lardenne-rally-festival-2026-ce-sera-les-29-et-30-mai\\\/\"]}]},{\"@type\":\"ImageObject\",\"inLanguage\":\"de\",\"@id\":\"https:\\\/\\\/ardennerallyfestival.be\\\/de\\\/lardenne-rally-festival-2026-ce-sera-les-29-et-30-mai\\\/#primaryimage\",\"url\":\"https:\\\/\\\/ardennerallyfestival.be\\\/wp-content\\\/uploads\\\/sites\\\/22\\\/20250502_RallyFestival_Saturday_LowDef_Logo_003-scaled-e1764843366356.jpg\",\"contentUrl\":\"https:\\\/\\\/ardennerallyfestival.be\\\/wp-content\\\/uploads\\\/sites\\\/22\\\/20250502_RallyFestival_Saturday_LowDef_Logo_003-scaled-e1764843366356.jpg\",\"width\":1865,\"height\":1248},{\"@type\":\"BreadcrumbList\",\"@id\":\"https:\\\/\\\/ardennerallyfestival.be\\\/de\\\/lardenne-rally-festival-2026-ce-sera-les-29-et-30-mai\\\/#breadcrumb\",\"itemListElement\":[{\"@type\":\"ListItem\",\"position\":1,\"name\":\"Accueil\",\"item\":\"https:\\\/\\\/ardennerallyfestival.be\\\/de\\\/\"},{\"@type\":\"ListItem\",\"position\":2,\"name\":\"Ardennen Rallye Festival 2026 \u2013 am 29. und 30. Mai!\"}]},{\"@type\":\"WebSite\",\"@id\":\"https:\\\/\\\/ardennerallyfestival.be\\\/#website\",\"url\":\"https:\\\/\\\/ardennerallyfestival.be\\\/\",\"name\":\"Ardenne Rally Festival\",\"description\":\"\",\"potentialAction\":[{\"@type\":\"SearchAction\",\"target\":{\"@type\":\"EntryPoint\",\"urlTemplate\":\"https:\\\/\\\/ardennerallyfestival.be\\\/?s={search_term_string}\"},\"query-input\":{\"@type\":\"PropertyValueSpecification\",\"valueRequired\":true,\"valueName\":\"search_term_string\"}}],\"inLanguage\":\"de\"},{\"@type\":\"Person\",\"@id\":\"https:\\\/\\\/ardennerallyfestival.be\\\/#\\\/schema\\\/person\\\/f869f197289e6a86361c833c1d0d95b5\",\"name\":\"client\",\"image\":{\"@type\":\"ImageObject\",\"inLanguage\":\"de\",\"@id\":\"https:\\\/\\\/secure.gravatar.com\\\/avatar\\\/d0de661745071daff296a69510a88dd6ff40167a4a7f4158f09a3680fab567f6?s=96&d=mm&r=g\",\"url\":\"https:\\\/\\\/secure.gravatar.com\\\/avatar\\\/d0de661745071daff296a69510a88dd6ff40167a4a7f4158f09a3680fab567f6?s=96&d=mm&r=g\",\"contentUrl\":\"https:\\\/\\\/secure.gravatar.com\\\/avatar\\\/d0de661745071daff296a69510a88dd6ff40167a4a7f4158f09a3680fab567f6?s=96&d=mm&r=g\",\"caption\":\"client\"}}]}<\/script>\n<!-- \/ Yoast SEO plugin. -->","yoast_head_json":{"title":"Ardennen Rallye Festival 2026 \u2013 am 29. und 30. Mai! - Ardenne Rally Festival","robots":{"index":"index","follow":"follow","max-snippet":"max-snippet:-1","max-image-preview":"max-image-preview:large","max-video-preview":"max-video-preview:-1"},"canonical":"https:\/\/ardennerallyfestival.be\/de\/lardenne-rally-festival-2026-ce-sera-les-29-et-30-mai\/","og_locale":"de_DE","og_type":"article","og_title":"Ardennen Rallye Festival 2026 \u2013 am 29. und 30. Mai! - Ardenne Rally Festival","og_description":"Gute Gewohnheiten sollte man beibehalten! Nach dem erfolgreichen Start des&nbsp;Ardennen Rallye Festival&nbsp;im Jahr 2024 l\u00e4dt&nbsp;DG Sport&nbsp;auch 2026 wieder alle Rallye- [&hellip;]","og_url":"https:\/\/ardennerallyfestival.be\/de\/lardenne-rally-festival-2026-ce-sera-les-29-et-30-mai\/","og_site_name":"Ardenne Rally Festival","article_published_time":"2025-12-04T10:08:11+00:00","article_modified_time":"2025-12-04T10:19:32+00:00","og_image":[{"width":2560,"height":1706,"url":"https:\/\/ardennerallyfestival.be\/wp-content\/uploads\/sites\/22\/20250502_RallyFestival_Saturday_LowDef_Logo_003-scaled-e1764843366356.jpg","type":"image\/jpeg"}],"author":"client","twitter_card":"summary_large_image","twitter_misc":{"Verfasst von":"client","Gesch\u00e4tzte Lesezeit":"2\u00a0Minuten"},"schema":{"@context":"https:\/\/schema.org","@graph":[{"@type":"Article","@id":"https:\/\/ardennerallyfestival.be\/de\/lardenne-rally-festival-2026-ce-sera-les-29-et-30-mai\/#article","isPartOf":{"@id":"https:\/\/ardennerallyfestival.be\/de\/lardenne-rally-festival-2026-ce-sera-les-29-et-30-mai\/"},"author":{"name":"client","@id":"https:\/\/ardennerallyfestival.be\/#\/schema\/person\/f869f197289e6a86361c833c1d0d95b5"},"headline":"Ardennen Rallye Festival 2026 \u2013 am 29. und 30. Mai!","datePublished":"2025-12-04T10:08:11+00:00","dateModified":"2025-12-04T10:19:32+00:00","mainEntityOfPage":{"@id":"https:\/\/ardennerallyfestival.be\/de\/lardenne-rally-festival-2026-ce-sera-les-29-et-30-mai\/"},"wordCount":296,"image":{"@id":"https:\/\/ardennerallyfestival.be\/de\/lardenne-rally-festival-2026-ce-sera-les-29-et-30-mai\/#primaryimage"},"thumbnailUrl":"https:\/\/ardennerallyfestival.be\/wp-content\/uploads\/sites\/22\/20250502_RallyFestival_Saturday_LowDef_Logo_003-scaled-e1764843366356.jpg","articleSection":["Ardenne Rally Festival 2025","Unkategorisiert"],"inLanguage":"de"},{"@type":"WebPage","@id":"https:\/\/ardennerallyfestival.be\/de\/lardenne-rally-festival-2026-ce-sera-les-29-et-30-mai\/","url":"https:\/\/ardennerallyfestival.be\/de\/lardenne-rally-festival-2026-ce-sera-les-29-et-30-mai\/","name":"Ardennen Rallye Festival 2026 \u2013 am 29. und 30. Mai! - Ardenne Rally Festival","isPartOf":{"@id":"https:\/\/ardennerallyfestival.be\/#website"},"primaryImageOfPage":{"@id":"https:\/\/ardennerallyfestival.be\/de\/lardenne-rally-festival-2026-ce-sera-les-29-et-30-mai\/#primaryimage"},"image":{"@id":"https:\/\/ardennerallyfestival.be\/de\/lardenne-rally-festival-2026-ce-sera-les-29-et-30-mai\/#primaryimage"},"thumbnailUrl":"https:\/\/ardennerallyfestival.be\/wp-content\/uploads\/sites\/22\/20250502_RallyFestival_Saturday_LowDef_Logo_003-scaled-e1764843366356.jpg","datePublished":"2025-12-04T10:08:11+00:00","dateModified":"2025-12-04T10:19:32+00:00","author":{"@id":"https:\/\/ardennerallyfestival.be\/#\/schema\/person\/f869f197289e6a86361c833c1d0d95b5"},"breadcrumb":{"@id":"https:\/\/ardennerallyfestival.be\/de\/lardenne-rally-festival-2026-ce-sera-les-29-et-30-mai\/#breadcrumb"},"inLanguage":"de","potentialAction":[{"@type":"ReadAction","target":["https:\/\/ardennerallyfestival.be\/de\/lardenne-rally-festival-2026-ce-sera-les-29-et-30-mai\/"]}]},{"@type":"ImageObject","inLanguage":"de","@id":"https:\/\/ardennerallyfestival.be\/de\/lardenne-rally-festival-2026-ce-sera-les-29-et-30-mai\/#primaryimage","url":"https:\/\/ardennerallyfestival.be\/wp-content\/uploads\/sites\/22\/20250502_RallyFestival_Saturday_LowDef_Logo_003-scaled-e1764843366356.jpg","contentUrl":"https:\/\/ardennerallyfestival.be\/wp-content\/uploads\/sites\/22\/20250502_RallyFestival_Saturday_LowDef_Logo_003-scaled-e1764843366356.jpg","width":1865,"height":1248},{"@type":"BreadcrumbList","@id":"https:\/\/ardennerallyfestival.be\/de\/lardenne-rally-festival-2026-ce-sera-les-29-et-30-mai\/#breadcrumb","itemListElement":[{"@type":"ListItem","position":1,"name":"Accueil","item":"https:\/\/ardennerallyfestival.be\/de\/"},{"@type":"ListItem","position":2,"name":"Ardennen Rallye Festival 2026 \u2013 am 29. und 30. Mai!"}]},{"@type":"WebSite","@id":"https:\/\/ardennerallyfestival.be\/#website","url":"https:\/\/ardennerallyfestival.be\/","name":"Ardenne Rally Festival","description":"","potentialAction":[{"@type":"SearchAction","target":{"@type":"EntryPoint","urlTemplate":"https:\/\/ardennerallyfestival.be\/?s={search_term_string}"},"query-input":{"@type":"PropertyValueSpecification","valueRequired":true,"valueName":"search_term_string"}}],"inLanguage":"de"},{"@type":"Person","@id":"https:\/\/ardennerallyfestival.be\/#\/schema\/person\/f869f197289e6a86361c833c1d0d95b5","name":"client","image":{"@type":"ImageObject","inLanguage":"de","@id":"https:\/\/secure.gravatar.com\/avatar\/d0de661745071daff296a69510a88dd6ff40167a4a7f4158f09a3680fab567f6?s=96&d=mm&r=g","url":"https:\/\/secure.gravatar.com\/avatar\/d0de661745071daff296a69510a88dd6ff40167a4a7f4158f09a3680fab567f6?s=96&d=mm&r=g","contentUrl":"https:\/\/secure.gravatar.com\/avatar\/d0de661745071daff296a69510a88dd6ff40167a4a7f4158f09a3680fab567f6?s=96&d=mm&r=g","caption":"client"}}]}},"_links":{"self":[{"href":"https:\/\/ardennerallyfestival.be\/de\/wp-json\/wp\/v2\/posts\/16559","targetHints":{"allow":["GET"]}}],"collection":[{"href":"https:\/\/ardennerallyfestival.be\/de\/wp-json\/wp\/v2\/posts"}],"about":[{"href":"https:\/\/ardennerallyfestival.be\/de\/wp-json\/wp\/v2\/types\/post"}],"author":[{"embeddable":true,"href":"https:\/\/ardennerallyfestival.be\/de\/wp-json\/wp\/v2\/users\/2"}],"replies":[{"embeddable":true,"href":"https:\/\/ardennerallyfestival.be\/de\/wp-json\/wp\/v2\/comments?post=16559"}],"version-history":[{"count":0,"href":"https:\/\/ardennerallyfestival.be\/de\/wp-json\/wp\/v2\/posts\/16559\/revisions"}],"wp:featuredmedia":[{"embeddable":true,"href":"https:\/\/ardennerallyfestival.be\/de\/wp-json\/wp\/v2\/media\/16336"}],"wp:attachment":[{"href":"https:\/\/ardennerallyfestival.be\/de\/wp-json\/wp\/v2\/media?parent=16559"}],"wp:term":[{"taxonomy":"category","embeddable":true,"href":"https:\/\/ardennerallyfestival.be\/de\/wp-json\/wp\/v2\/categories?post=16559"},{"taxonomy":"post_tag","embeddable":true,"href":"https:\/\/ardennerallyfestival.be\/de\/wp-json\/wp\/v2\/tags?post=16559"}],"curies":[{"name":"wp","href":"https:\/\/api.w.org\/{rel}","templated":true}]}}